{"id":7306,"date":"2020-08-19T10:37:34","date_gmt":"2020-08-19T08:37:34","guid":{"rendered":"https:\/\/blog.ptvgroup.com\/?p=7306"},"modified":"2020-09-24T17:03:42","modified_gmt":"2020-09-24T15:03:42","slug":"pianificazione-trasporti-post-covid","status":"publish","type":"post","link":"https:\/\/blog.ptvlogistics.com\/it\/trasporti-e-logistica\/pianificazione-trasporti-post-covid\/","title":{"rendered":"Pianificare i Trasporti con il COVID: Come Ripartono le Citt\u00e0"},"content":{"rendered":"<div class=\"wpb-content-wrapper\"><p>[vc_row][vc_column][vc_column_text]La pianificazione dei trasporti ha dovuto affrontare enormi sfide dall&#8217;inizio della pandemia di COVID-19. Con blocchi, misure di distanziamento sociale e rigide norme igieniche, tutti i pendolari e gli utenti della strada hanno dovuto adeguarsi.<\/p>\n<p>La sfida ovviamente ha riguardato anche le persone incaricate della pianificazione dei trasporti. Cos\u00ec l&#8217;11 agosto PTV ha ospitato il webinar Shaping Mobility \u201cA re-imagined American city? Urban mobility after covid-19 \u201d. Questo webinar \u00e8 ora disponibile per il <a href=\"https:\/\/shaping-mobility.com\/webinar-recording-download\/\">download<\/a> gratuito.<\/p>\n<p>I relatori sono stati numerosi esperti nel campo della mobilit\u00e0 urbana americana: Dr. Susan Shaheen in quanto ricercatrice nel campo della Mobility as a Service della UC Berkeley nonch\u00e8 vicepresidente del comitato esecutivo della TRB; Tilly Chang come direttore esecutivo dell&#8217;autorit\u00e0 per i trasporti della contea di San Francisco; Jarvis Murray come amministratore per i trasporti a noleggio presso la citt\u00e0 di Los Angeles; Randy Iwasaki come direttore esecutivo della Contra Costa Transportation Authority, una delle contee pi\u00f9 innovative situata vicino a San Francisco. Le loro riflessioni offrono interessanti spunti per pensare alla ripartenza delle citt\u00e0 americane, ma anche nel resto del mondo.[\/vc_column_text][\/vc_column][\/vc_row][vc_row][vc_column width=&#8221;1\/2&#8243;][vc_column_text]<\/p>\n<h2>COVID-19 ha cambiato la pianificazione dei trasporti?<\/h2>\n<p>[\/vc_column_text][vc_single_image image=&#8221;7327&#8243; img_size=&#8221;1025&#215;577&#8243; add_caption=&#8221;yes&#8221;][\/vc_column][vc_column width=&#8221;1\/2&#8243;][vc_empty_space height=&#8221;132px&#8221;][vc_column_text]Il panel ha fornito una panoramica sui cambiamenti nella mobilit\u00e0 sperimentati negli ultimi mesi: il COVID-19 ha interrotto la mobilit\u00e0 urbana e reso pi\u00f9 complessa e la pianificazione dei trasporti in tutte le sue forme.<\/p>\n<p>Negli Stati Uniti i passeggeri in transito e che utilizzano la mobilit\u00e0 condivisa, nonch\u00e9 i corrispondenti ricavi, sono diminuiti dell&#8217;80%. Per fornire un servizio ai lavoratori essenziali, rispettare le norme sanitarie e per consentire il distanziamento sociale, i costi dell&#8217;operativit\u00e0 sono ancora ai livelli pre-COVID, portando a situazioni insostenibili per le attivit\u00e0 di transito.<\/p>\n<p>Ad aprile le miglia percorse dai veicoli sono state ridotte al 30% dei livelli normali, anche se ad agosto sono quasi tornati alla normalit\u00e0. La grande differenza in questo momento \u00e8 che grandi gruppi di persone lavorano ancora da casa e i livelli di disoccupazione sono aumentati in modo significativo.<\/p>\n<p>La grande incognita oggi \u00e8 determinare come sar\u00e0 il futuro, a breve, medio e lungo termine. I dati del passato non sono rappresentativi del futuro e il comportamento e le preferenze di viaggio sono cambiati. Entrambi sono ancora soggetti a modifiche influenzate dallo stato di diffusione o contenimento del COVID-19.[\/vc_column_text][\/vc_column][\/vc_row][vc_row][vc_column width=&#8221;1\/2&#8243;][vc_column_text]<\/p>\n<h2>Dove siamo oggi<\/h2>\n<p>Susan Shaheen ha rilevato una rapida crescita degli utenti di scooter e biciclette e una crescita della distanza da percorrere in queste modalit\u00e0.<\/p>\n<p>Tilly Chang ha evidenziato come 40 Muni Lines (la rete tranviaria di San Francisco) siano fuori servizio e come sia stata riprogettata una rete alternativa per garantire che i lavoratori essenziali possano ancora avere accesso al loro lavoro e gli anziani possano viaggiare verso le loro destinazioni.<\/p>\n<p>Jarvis Murray ha raccontato al pubblico che l&#8217;industria dei taxi ha perso una grande quota di affari, cos\u00ec come una parte importante dei servizi aeroportuali, e di come il sistema di consegne ha dovuto adeguarsi a una richiesta di 3000-4000 consegne di cibo al giorno.<\/p>\n<p>La contea di Contra Costa si aspettava invece una forte diminuzione delle entrate fiscali, che sono invece quasi tornate ai livelli precedenti al COVID, e il motivo alla base di ci\u00f2 non \u00e8 ancora chiaro.[\/vc_column_text][\/vc_column][vc_column width=&#8221;1\/2&#8243;][vc_empty_space height=&#8221;120px&#8221;][vc_single_image image=&#8221;7184&#8243; img_size=&#8221;500&#215;500&#8243;][\/vc_column][\/vc_row][vc_row][vc_column width=&#8221;1\/2&#8243;][vc_column_text]<\/p>\n<h2>Nuovi modelli di viaggio post-COVID<\/h2>\n<p>[\/vc_column_text][vc_single_image image=&#8221;7190&#8243; img_size=&#8221;500&#215;500&#8243;][\/vc_column][vc_column width=&#8221;1\/2&#8243;][vc_empty_space height=&#8221;132px&#8221;][vc_column_text]La discussione ha chiarito che i modelli dovranno essere rifatti per riflettere il futuro, incorporando hub di mobilit\u00e0 pi\u00f9 intelligenti e nuovi modi di spostare le persone.<\/p>\n<p>In questo momento \u00e8 molto importante capire chi sta andando dove e quando, e comprendere le informazioni sul viaggiatore. Queste informazioni non solo limitate all&#8217;avere un lavoro, un lavoro part-time e un veicolo, ma anche al tipo di lavoro. Ad esempio \u00e8 fondamentale sapere se si sta analizzando un lavoratore essenziale o una persona che pu\u00f2 lavorare da casa.<\/p>\n<p>Questo significa che nei modelli i gruppi di persone ora devono anche incorporare questo nuovo tipo di informazioni.<\/p>\n<p>I modelli e le tecnologie della domanda di viaggio possono anche essere utilizzati in modo pi\u00f9 estensivo per valutare la progettazione di strade per consegne di merci e cibo e per determinare le posizioni per il ritiro e la riconsegna delle persone.[\/vc_column_text][\/vc_column][\/vc_row][vc_row][vc_column width=&#8221;1\/2&#8243;][vc_column_text]<\/p>\n<h2>E-commerce in crescita<\/h2>\n<p>La pandemia COVID-19 ha anche portato ad una crescita dell&#8217;e-commerce con conseguente integrazione di nuovi modelli per autotrasporti, e-commerce e viaggi personali. I concetti integrati per le consegne del primo e dell&#8217;ultimo miglio e l&#8217;impatto sulla congestione e sulle emissioni diventeranno temi sempre pi\u00f9 comuni nella pianificazione dei trasporti.<\/p>\n<p>Infine, la comprensione dell&#8217;impatto sull&#8217;equit\u00e0, sugli alloggi a prezzi accessibili e sul luogo in cui le persone scelgono di vivere sar\u00e0 un nuovo importante fattore nella pianificazione dei trasporti a medio termine.<\/p>\n<p>A causa dei recenti cambiamenti, abbiamo visto persone spostarsi da piccoli appartamenti in centro a case pi\u00f9 grandi in periferia.[\/vc_column_text][\/vc_column][vc_column width=&#8221;1\/2&#8243;][vc_empty_space height=&#8221;120px&#8221;][vc_single_image image=&#8221;7196&#8243; img_size=&#8221;500&#215;500&#8243;][\/vc_column][\/vc_row][vc_row][vc_column width=&#8221;1\/2&#8243;][vc_column_text]<\/p>\n<h2>Gli strumenti per il traffico di PTV Group<\/h2>\n<p>[\/vc_column_text][vc_single_image image=&#8221;7334&#8243; img_size=&#8221;1025&#215;577&#8243; add_caption=&#8221;yes&#8221;][\/vc_column][vc_column width=&#8221;1\/2&#8243;][vc_empty_space height=&#8221;132px&#8221;][vc_column_text]Come si inseriscono in questo discorso gli strumenti PTV? I prodotti PTV possono aiutare a costruire rapidamente modelli di rete, acquisendo dati da varie fonti come i conteggi di traffico, gli StreetLightData e il trasporto pubblico.<\/p>\n<p>Visum \u00e8 in grado di riunire le variabili e di evidenziare gli impatti dei fattori in formato map-based e su una dashboard. Questi fattori includono la disponibilit\u00e0 a utilizzare il trasporto, la disponibilit\u00e0 del trasporto pubblico, il lavoro da casa, i modelli di lavoro dei lavoratori essenziali e non essenziali e la disponibilit\u00e0 di altre opzioni di viaggio come le piste ciclabili e il car sharing.<\/p>\n<p>Comprendere gli impatti dei cambiamenti politici e apprendere quali misure avranno pi\u00f9 impatto consentir\u00e0 di implementare la pianificazione dei trasporti pi\u00f9 efficace ed efficiente.[\/vc_column_text][\/vc_column][\/vc_row][vc_row][vc_column][vc_cta h2=&#8221;&#8221; shape=&#8221;square&#8221; style=&#8221;flat&#8221; color=&#8221;black&#8221; add_button=&#8221;bottom&#8221; btn_title=&#8221;Scopri di pi\u00f9&#8221; btn_style=&#8221;flat&#8221; btn_shape=&#8221;square&#8221; btn_color=&#8221;white&#8221; btn_link=&#8221;url:https%3A%2F%2Fwww.ptvgroup.com%2Fit%2Fsoluzioni%2Fprodotti%2Fptv-visum%2Faree-di-applicazione%2F|title:PTV%20Visum|target:%20_blank|&#8221;]<\/p>\n<h2>Fai ripartire la mobilit\u00e0 dopo il COVID-19<\/h2>\n<p>PTV Visum \u00e8 il software che ti aiuta a pianificare al meglio i trasporti[\/vc_cta][\/vc_column][\/vc_row]<\/p>\n<\/div>","protected":false},"excerpt":{"rendered":"<p class=\"card-text\">Gli esperti di mobilit\u00e0 raccontano come la pianificazione dei trasporti nelle citt\u00e0 stia cambiando a causa del COVID-19. Cosa possono aspettarsi i viaggiatori di domani? [&#8230;]<\/p>\n<p class=\"m-0\"><a class=\"btn btn-outline-secondary btn-read-more\" href=\"https:\/\/blog.ptvlogistics.com\/it\/trasporti-e-logistica\/pianificazione-trasporti-post-covid\/\">LEGGI<\/a><\/p>\n","protected":false},"author":68,"featured_media":7172,"comment_status":"open","ping_status":"closed","sticky":false,"template":"","format":"standard","meta":{"footnotes":""},"categories":[],"tags":[],"class_list":["post-7306","post","type-post","status-publish","format-standard","has-post-thumbnail","hentry"],"yoast_head":"<!-- This site is optimized with the Yoast SEO plugin v27.4 - https:\/\/yoast.com\/product\/yoast-seo-wordpress\/ -->\n<title>Pianificare i Trasporti con il COVID: come ripartono le citt\u00e0 | PTV Logistics Blog<\/title>\n<meta name=\"description\" content=\"Pianificare i trasporti nell&#039;era post-COVID sar\u00e0 complesso. Come devono essere rimodellate le citt\u00e0 e cosa possono aspettarsi i viaggiatori?\" \/>\n<meta name=\"robots\" content=\"index, follow, max-snippet:-1, max-image-preview:large, max-video-preview:-1\" \/>\n<link rel=\"canonical\" href=\"https:\/\/blog.ptvlogistics.com\/en\/city-and-mobility\/transport_planning_covid19\/\" \/>\n<meta property=\"og:locale\" content=\"it_IT\" \/>\n<meta property=\"og:type\" content=\"article\" \/>\n<meta property=\"og:title\" content=\"Pianificare i Trasporti con il COVID: come ripartono le citt\u00e0 | PTV Logistics Blog\" \/>\n<meta property=\"og:description\" content=\"Pianificare i trasporti nell&#039;era post-COVID sar\u00e0 complesso. Come devono essere rimodellate le citt\u00e0 e cosa possono aspettarsi i viaggiatori?\" \/>\n<meta property=\"og:url\" content=\"https:\/\/blog.ptvlogistics.com\/en\/city-and-mobility\/transport_planning_covid19\/\" \/>\n<meta property=\"og:site_name\" content=\"PTV Logistics Blog\" \/>\n<meta property=\"article:published_time\" content=\"2020-08-19T08:37:34+00:00\" \/>\n<meta property=\"article:modified_time\" content=\"2020-09-24T15:03:42+00:00\" \/>\n<meta property=\"og:image\" content=\"https:\/\/blog.ptvlogistics.com\/wp-content\/uploads\/2020\/08\/Pic_for_blog.jpg\" \/>\n\t<meta property=\"og:image:width\" content=\"1025\" \/>\n\t<meta property=\"og:image:height\" content=\"577\" \/>\n\t<meta property=\"og:image:type\" content=\"image\/jpeg\" \/>\n<meta name=\"author\" content=\"Arjan van Andel\" \/>\n<meta name=\"twitter:card\" content=\"summary_large_image\" \/>\n<meta name=\"twitter:label1\" content=\"Scritto da\" \/>\n\t<meta name=\"twitter:data1\" content=\"Arjan van Andel\" \/>\n\t<meta name=\"twitter:label2\" content=\"Tempo di lettura stimato\" \/>\n\t<meta name=\"twitter:data2\" content=\"6 minuti\" \/>\n<script type=\"application\/ld+json\" class=\"yoast-schema-graph\">{\"@context\":\"https:\\\/\\\/schema.org\",\"@graph\":[{\"@type\":\"Article\",\"@id\":\"https:\\\/\\\/blog.ptvlogistics.com\\\/en\\\/city-and-mobility\\\/transport_planning_covid19\\\/#article\",\"isPartOf\":{\"@id\":\"https:\\\/\\\/blog.ptvlogistics.com\\\/en\\\/city-and-mobility\\\/transport_planning_covid19\\\/\"},\"author\":{\"name\":\"Arjan van Andel\",\"@id\":\"https:\\\/\\\/blog.ptvlogistics.com\\\/en\\\/#\\\/schema\\\/person\\\/87a1c62163263c93f04b2d85edf2c280\"},\"headline\":\"Pianificare i Trasporti con il COVID: Come Ripartono le Citt\u00e0\",\"datePublished\":\"2020-08-19T08:37:34+00:00\",\"dateModified\":\"2020-09-24T15:03:42+00:00\",\"mainEntityOfPage\":{\"@id\":\"https:\\\/\\\/blog.ptvlogistics.com\\\/en\\\/city-and-mobility\\\/transport_planning_covid19\\\/\"},\"wordCount\":1201,\"commentCount\":0,\"publisher\":{\"@id\":\"https:\\\/\\\/blog.ptvlogistics.com\\\/en\\\/#organization\"},\"image\":{\"@id\":\"https:\\\/\\\/blog.ptvlogistics.com\\\/en\\\/city-and-mobility\\\/transport_planning_covid19\\\/#primaryimage\"},\"thumbnailUrl\":\"https:\\\/\\\/blog.ptvlogistics.com\\\/wp-content\\\/uploads\\\/2020\\\/08\\\/Pic_for_blog.jpg\",\"inLanguage\":\"it-IT\",\"potentialAction\":[{\"@type\":\"CommentAction\",\"name\":\"Comment\",\"target\":[\"https:\\\/\\\/blog.ptvlogistics.com\\\/en\\\/city-and-mobility\\\/transport_planning_covid19\\\/#respond\"]}]},{\"@type\":\"WebPage\",\"@id\":\"https:\\\/\\\/blog.ptvlogistics.com\\\/en\\\/city-and-mobility\\\/transport_planning_covid19\\\/\",\"url\":\"https:\\\/\\\/blog.ptvlogistics.com\\\/en\\\/city-and-mobility\\\/transport_planning_covid19\\\/\",\"name\":\"Pianificare i Trasporti con il COVID: come ripartono le citt\u00e0 | PTV Logistics Blog\",\"isPartOf\":{\"@id\":\"https:\\\/\\\/blog.ptvlogistics.com\\\/en\\\/#website\"},\"primaryImageOfPage\":{\"@id\":\"https:\\\/\\\/blog.ptvlogistics.com\\\/en\\\/city-and-mobility\\\/transport_planning_covid19\\\/#primaryimage\"},\"image\":{\"@id\":\"https:\\\/\\\/blog.ptvlogistics.com\\\/en\\\/city-and-mobility\\\/transport_planning_covid19\\\/#primaryimage\"},\"thumbnailUrl\":\"https:\\\/\\\/blog.ptvlogistics.com\\\/wp-content\\\/uploads\\\/2020\\\/08\\\/Pic_for_blog.jpg\",\"datePublished\":\"2020-08-19T08:37:34+00:00\",\"dateModified\":\"2020-09-24T15:03:42+00:00\",\"description\":\"Pianificare i trasporti nell'era post-COVID sar\u00e0 complesso. Come devono essere rimodellate le citt\u00e0 e cosa possono aspettarsi i viaggiatori?\",\"breadcrumb\":{\"@id\":\"https:\\\/\\\/blog.ptvlogistics.com\\\/en\\\/city-and-mobility\\\/transport_planning_covid19\\\/#breadcrumb\"},\"inLanguage\":\"it-IT\",\"potentialAction\":[{\"@type\":\"ReadAction\",\"target\":[\"https:\\\/\\\/blog.ptvlogistics.com\\\/en\\\/city-and-mobility\\\/transport_planning_covid19\\\/\"]}]},{\"@type\":\"ImageObject\",\"inLanguage\":\"it-IT\",\"@id\":\"https:\\\/\\\/blog.ptvlogistics.com\\\/en\\\/city-and-mobility\\\/transport_planning_covid19\\\/#primaryimage\",\"url\":\"https:\\\/\\\/blog.ptvlogistics.com\\\/wp-content\\\/uploads\\\/2020\\\/08\\\/Pic_for_blog.jpg\",\"contentUrl\":\"https:\\\/\\\/blog.ptvlogistics.com\\\/wp-content\\\/uploads\\\/2020\\\/08\\\/Pic_for_blog.jpg\",\"width\":1025,\"height\":577,\"caption\":\"Com'\u00e8 cambier\u00e0 la mobilit\u00e0 con il coronavirus?\"},{\"@type\":\"BreadcrumbList\",\"@id\":\"https:\\\/\\\/blog.ptvlogistics.com\\\/en\\\/city-and-mobility\\\/transport_planning_covid19\\\/#breadcrumb\",\"itemListElement\":[{\"@type\":\"ListItem\",\"position\":1,\"name\":\"Startseite\",\"item\":\"https:\\\/\\\/blog.ptvlogistics.com\\\/it\\\/\"},{\"@type\":\"ListItem\",\"position\":2,\"name\":\"Pianificare i Trasporti con il COVID: Come Ripartono le Citt\u00e0\"}]},{\"@type\":\"WebSite\",\"@id\":\"https:\\\/\\\/blog.ptvlogistics.com\\\/en\\\/#website\",\"url\":\"https:\\\/\\\/blog.ptvlogistics.com\\\/en\\\/\",\"name\":\"PTV Logistics Blog\",\"description\":\"Offriamo tecnologie che dispongono dei migliori algoritmi e dati per ottenere risparmi sui costi logistici e sulle emissioni.\",\"publisher\":{\"@id\":\"https:\\\/\\\/blog.ptvlogistics.com\\\/en\\\/#organization\"},\"potentialAction\":[{\"@type\":\"SearchAction\",\"target\":{\"@type\":\"EntryPoint\",\"urlTemplate\":\"https:\\\/\\\/blog.ptvlogistics.com\\\/en\\\/?s={search_term_string}\"},\"query-input\":{\"@type\":\"PropertyValueSpecification\",\"valueRequired\":true,\"valueName\":\"search_term_string\"}}],\"inLanguage\":\"it-IT\"},{\"@type\":\"Organization\",\"@id\":\"https:\\\/\\\/blog.ptvlogistics.com\\\/en\\\/#organization\",\"name\":\"PTV Logistics\",\"url\":\"https:\\\/\\\/blog.ptvlogistics.com\\\/en\\\/\",\"logo\":{\"@type\":\"ImageObject\",\"inLanguage\":\"it-IT\",\"@id\":\"https:\\\/\\\/blog.ptvlogistics.com\\\/en\\\/#\\\/schema\\\/logo\\\/image\\\/\",\"url\":\"https:\\\/\\\/blog.ptvlogistics.com\\\/wp-content\\\/uploads\\\/2023\\\/08\\\/PTV_Logistics_black_black.png\",\"contentUrl\":\"https:\\\/\\\/blog.ptvlogistics.com\\\/wp-content\\\/uploads\\\/2023\\\/08\\\/PTV_Logistics_black_black.png\",\"width\":1479,\"height\":266,\"caption\":\"PTV Logistics\"},\"image\":{\"@id\":\"https:\\\/\\\/blog.ptvlogistics.com\\\/en\\\/#\\\/schema\\\/logo\\\/image\\\/\"},\"sameAs\":[\"https:\\\/\\\/be.linkedin.com\\\/company\\\/ptvlogistics\",\"https:\\\/\\\/www.youtube.com\\\/@PTVGroupLogistics\"]},{\"@type\":\"Person\",\"@id\":\"https:\\\/\\\/blog.ptvlogistics.com\\\/en\\\/#\\\/schema\\\/person\\\/87a1c62163263c93f04b2d85edf2c280\",\"name\":\"Arjan van Andel\",\"image\":{\"@type\":\"ImageObject\",\"inLanguage\":\"it-IT\",\"@id\":\"https:\\\/\\\/secure.gravatar.com\\\/avatar\\\/96e45e63ec556f20d63fc76312e26f32f0ad82013382e8db6eb6fcbad5f07bb6?s=96&d=mm&r=g\",\"url\":\"https:\\\/\\\/secure.gravatar.com\\\/avatar\\\/96e45e63ec556f20d63fc76312e26f32f0ad82013382e8db6eb6fcbad5f07bb6?s=96&d=mm&r=g\",\"contentUrl\":\"https:\\\/\\\/secure.gravatar.com\\\/avatar\\\/96e45e63ec556f20d63fc76312e26f32f0ad82013382e8db6eb6fcbad5f07bb6?s=96&d=mm&r=g\",\"caption\":\"Arjan van Andel\"},\"description\":\"Arjan van Andel works for PTV in North America and is responsible for Traffic Business Development and Marketing, as well as Public Transit and Shared Mobility. Arjan is currently the interim chair of the Anne Arundel County Transportation Commission, Chair of the ITE Standing Public Transit Committee, and a member of the ITE MaaS Advisory board. In addition, he co-founded a local \u201cbike to school day\u201d, which now includes over 1,000 kids.\",\"url\":\"https:\\\/\\\/blog.ptvlogistics.com\\\/it\\\/author\\\/arjan\\\/\"}]}<\/script>\n<!-- \/ Yoast SEO plugin. -->","yoast_head_json":{"title":"Pianificare i Trasporti con il COVID: come ripartono le citt\u00e0 | PTV Logistics Blog","description":"Pianificare i trasporti nell'era post-COVID sar\u00e0 complesso. Come devono essere rimodellate le citt\u00e0 e cosa possono aspettarsi i viaggiatori?","robots":{"index":"index","follow":"follow","max-snippet":"max-snippet:-1","max-image-preview":"max-image-preview:large","max-video-preview":"max-video-preview:-1"},"canonical":"https:\/\/blog.ptvlogistics.com\/en\/city-and-mobility\/transport_planning_covid19\/","og_locale":"it_IT","og_type":"article","og_title":"Pianificare i Trasporti con il COVID: come ripartono le citt\u00e0 | PTV Logistics Blog","og_description":"Pianificare i trasporti nell'era post-COVID sar\u00e0 complesso. Come devono essere rimodellate le citt\u00e0 e cosa possono aspettarsi i viaggiatori?","og_url":"https:\/\/blog.ptvlogistics.com\/en\/city-and-mobility\/transport_planning_covid19\/","og_site_name":"PTV Logistics Blog","article_published_time":"2020-08-19T08:37:34+00:00","article_modified_time":"2020-09-24T15:03:42+00:00","og_image":[{"width":1025,"height":577,"url":"https:\/\/blog.ptvlogistics.com\/wp-content\/uploads\/2020\/08\/Pic_for_blog.jpg","type":"image\/jpeg"}],"author":"Arjan van Andel","twitter_card":"summary_large_image","twitter_misc":{"Scritto da":"Arjan van Andel","Tempo di lettura stimato":"6 minuti"},"schema":{"@context":"https:\/\/schema.org","@graph":[{"@type":"Article","@id":"https:\/\/blog.ptvlogistics.com\/en\/city-and-mobility\/transport_planning_covid19\/#article","isPartOf":{"@id":"https:\/\/blog.ptvlogistics.com\/en\/city-and-mobility\/transport_planning_covid19\/"},"author":{"name":"Arjan van Andel","@id":"https:\/\/blog.ptvlogistics.com\/en\/#\/schema\/person\/87a1c62163263c93f04b2d85edf2c280"},"headline":"Pianificare i Trasporti con il COVID: Come Ripartono le Citt\u00e0","datePublished":"2020-08-19T08:37:34+00:00","dateModified":"2020-09-24T15:03:42+00:00","mainEntityOfPage":{"@id":"https:\/\/blog.ptvlogistics.com\/en\/city-and-mobility\/transport_planning_covid19\/"},"wordCount":1201,"commentCount":0,"publisher":{"@id":"https:\/\/blog.ptvlogistics.com\/en\/#organization"},"image":{"@id":"https:\/\/blog.ptvlogistics.com\/en\/city-and-mobility\/transport_planning_covid19\/#primaryimage"},"thumbnailUrl":"https:\/\/blog.ptvlogistics.com\/wp-content\/uploads\/2020\/08\/Pic_for_blog.jpg","inLanguage":"it-IT","potentialAction":[{"@type":"CommentAction","name":"Comment","target":["https:\/\/blog.ptvlogistics.com\/en\/city-and-mobility\/transport_planning_covid19\/#respond"]}]},{"@type":"WebPage","@id":"https:\/\/blog.ptvlogistics.com\/en\/city-and-mobility\/transport_planning_covid19\/","url":"https:\/\/blog.ptvlogistics.com\/en\/city-and-mobility\/transport_planning_covid19\/","name":"Pianificare i Trasporti con il COVID: come ripartono le citt\u00e0 | PTV Logistics Blog","isPartOf":{"@id":"https:\/\/blog.ptvlogistics.com\/en\/#website"},"primaryImageOfPage":{"@id":"https:\/\/blog.ptvlogistics.com\/en\/city-and-mobility\/transport_planning_covid19\/#primaryimage"},"image":{"@id":"https:\/\/blog.ptvlogistics.com\/en\/city-and-mobility\/transport_planning_covid19\/#primaryimage"},"thumbnailUrl":"https:\/\/blog.ptvlogistics.com\/wp-content\/uploads\/2020\/08\/Pic_for_blog.jpg","datePublished":"2020-08-19T08:37:34+00:00","dateModified":"2020-09-24T15:03:42+00:00","description":"Pianificare i trasporti nell'era post-COVID sar\u00e0 complesso. Come devono essere rimodellate le citt\u00e0 e cosa possono aspettarsi i viaggiatori?","breadcrumb":{"@id":"https:\/\/blog.ptvlogistics.com\/en\/city-and-mobility\/transport_planning_covid19\/#breadcrumb"},"inLanguage":"it-IT","potentialAction":[{"@type":"ReadAction","target":["https:\/\/blog.ptvlogistics.com\/en\/city-and-mobility\/transport_planning_covid19\/"]}]},{"@type":"ImageObject","inLanguage":"it-IT","@id":"https:\/\/blog.ptvlogistics.com\/en\/city-and-mobility\/transport_planning_covid19\/#primaryimage","url":"https:\/\/blog.ptvlogistics.com\/wp-content\/uploads\/2020\/08\/Pic_for_blog.jpg","contentUrl":"https:\/\/blog.ptvlogistics.com\/wp-content\/uploads\/2020\/08\/Pic_for_blog.jpg","width":1025,"height":577,"caption":"Com'\u00e8 cambier\u00e0 la mobilit\u00e0 con il coronavirus?"},{"@type":"BreadcrumbList","@id":"https:\/\/blog.ptvlogistics.com\/en\/city-and-mobility\/transport_planning_covid19\/#breadcrumb","itemListElement":[{"@type":"ListItem","position":1,"name":"Startseite","item":"https:\/\/blog.ptvlogistics.com\/it\/"},{"@type":"ListItem","position":2,"name":"Pianificare i Trasporti con il COVID: Come Ripartono le Citt\u00e0"}]},{"@type":"WebSite","@id":"https:\/\/blog.ptvlogistics.com\/en\/#website","url":"https:\/\/blog.ptvlogistics.com\/en\/","name":"PTV Logistics Blog","description":"Offriamo tecnologie che dispongono dei migliori algoritmi e dati per ottenere risparmi sui costi logistici e sulle emissioni.","publisher":{"@id":"https:\/\/blog.ptvlogistics.com\/en\/#organization"},"potentialAction":[{"@type":"SearchAction","target":{"@type":"EntryPoint","urlTemplate":"https:\/\/blog.ptvlogistics.com\/en\/?s={search_term_string}"},"query-input":{"@type":"PropertyValueSpecification","valueRequired":true,"valueName":"search_term_string"}}],"inLanguage":"it-IT"},{"@type":"Organization","@id":"https:\/\/blog.ptvlogistics.com\/en\/#organization","name":"PTV Logistics","url":"https:\/\/blog.ptvlogistics.com\/en\/","logo":{"@type":"ImageObject","inLanguage":"it-IT","@id":"https:\/\/blog.ptvlogistics.com\/en\/#\/schema\/logo\/image\/","url":"https:\/\/blog.ptvlogistics.com\/wp-content\/uploads\/2023\/08\/PTV_Logistics_black_black.png","contentUrl":"https:\/\/blog.ptvlogistics.com\/wp-content\/uploads\/2023\/08\/PTV_Logistics_black_black.png","width":1479,"height":266,"caption":"PTV Logistics"},"image":{"@id":"https:\/\/blog.ptvlogistics.com\/en\/#\/schema\/logo\/image\/"},"sameAs":["https:\/\/be.linkedin.com\/company\/ptvlogistics","https:\/\/www.youtube.com\/@PTVGroupLogistics"]},{"@type":"Person","@id":"https:\/\/blog.ptvlogistics.com\/en\/#\/schema\/person\/87a1c62163263c93f04b2d85edf2c280","name":"Arjan van Andel","image":{"@type":"ImageObject","inLanguage":"it-IT","@id":"https:\/\/secure.gravatar.com\/avatar\/96e45e63ec556f20d63fc76312e26f32f0ad82013382e8db6eb6fcbad5f07bb6?s=96&d=mm&r=g","url":"https:\/\/secure.gravatar.com\/avatar\/96e45e63ec556f20d63fc76312e26f32f0ad82013382e8db6eb6fcbad5f07bb6?s=96&d=mm&r=g","contentUrl":"https:\/\/secure.gravatar.com\/avatar\/96e45e63ec556f20d63fc76312e26f32f0ad82013382e8db6eb6fcbad5f07bb6?s=96&d=mm&r=g","caption":"Arjan van Andel"},"description":"Arjan van Andel works for PTV in North America and is responsible for Traffic Business Development and Marketing, as well as Public Transit and Shared Mobility. Arjan is currently the interim chair of the Anne Arundel County Transportation Commission, Chair of the ITE Standing Public Transit Committee, and a member of the ITE MaaS Advisory board. In addition, he co-founded a local \u201cbike to school day\u201d, which now includes over 1,000 kids.","url":"https:\/\/blog.ptvlogistics.com\/it\/author\/arjan\/"}]}},"_links":{"self":[{"href":"https:\/\/blog.ptvlogistics.com\/it\/wp-json\/wp\/v2\/posts\/7306","targetHints":{"allow":["GET"]}}],"collection":[{"href":"https:\/\/blog.ptvlogistics.com\/it\/wp-json\/wp\/v2\/posts"}],"about":[{"href":"https:\/\/blog.ptvlogistics.com\/it\/wp-json\/wp\/v2\/types\/post"}],"author":[{"embeddable":true,"href":"https:\/\/blog.ptvlogistics.com\/it\/wp-json\/wp\/v2\/users\/68"}],"replies":[{"embeddable":true,"href":"https:\/\/blog.ptvlogistics.com\/it\/wp-json\/wp\/v2\/comments?post=7306"}],"version-history":[{"count":10,"href":"https:\/\/blog.ptvlogistics.com\/it\/wp-json\/wp\/v2\/posts\/7306\/revisions"}],"predecessor-version":[{"id":7344,"href":"https:\/\/blog.ptvlogistics.com\/it\/wp-json\/wp\/v2\/posts\/7306\/revisions\/7344"}],"wp:featuredmedia":[{"embeddable":true,"href":"https:\/\/blog.ptvlogistics.com\/it\/wp-json\/wp\/v2\/media\/7172"}],"wp:attachment":[{"href":"https:\/\/blog.ptvlogistics.com\/it\/wp-json\/wp\/v2\/media?parent=7306"}],"wp:term":[{"taxonomy":"category","embeddable":true,"href":"https:\/\/blog.ptvlogistics.com\/it\/wp-json\/wp\/v2\/categories?post=7306"},{"taxonomy":"post_tag","embeddable":true,"href":"https:\/\/blog.ptvlogistics.com\/it\/wp-json\/wp\/v2\/tags?post=7306"}],"curies":[{"name":"wp","href":"https:\/\/api.w.org\/{rel}","templated":true}]}}